{"id":1768,"date":"2022-06-09T12:53:00","date_gmt":"2022-06-09T10:53:00","guid":{"rendered":"https:\/\/condescending-hamilton.82-223-66-19.plesk.page\/vive-granada\/festivales-musicales-en-granada\/"},"modified":"2023-10-27T12:37:05","modified_gmt":"2023-10-27T10:37:05","slug":"festival-di-musica-a-granada","status":"publish","type":"post","link":"https:\/\/hotelgranadacentro.com\/it\/vive-granada\/festival-di-musica-a-granada\/","title":{"rendered":"Festival di musica a Granada"},"content":{"rendered":"\n<p>Festival musicali a Granada<\/p>\n\n\n\n<p>La citt\u00e0 di Granada \u00e8 da sempre legata a diverse espressioni artistiche e culturali in cui si sono distinti numerosi personaggi noti, non solo in Spagna, ma in tutto il mondo. Ma se una di queste manifestazioni della citt\u00e0 nazarita si \u00e8 distinta sopra le altre, \u00e8 senza dubbio la musica, che nel corso degli anni ha dato vita a festival musicali a Granada progettati per tutti i tipi di pubblico.<\/p>\n\n\n\n<p>Ignorare che la citt\u00e0 andalusa \u00e8 una delle culle per eccellenza della tradizione flamenca sarebbe un errore totale, poich\u00e9 questa cultura popolare musicale di origine gitana, che in passato ha sviluppato un proprio &#8220;dialetto flamenco&#8221; noto come la Zambra e nato nel quartiere del Sacromonte, ha lasciato il segno con innumerevoli figure come Mar\u00eda la Canastera all&#8217;inizio del XX secolo o nomi successivi come Enrique Morente, un cantante nato nel quartiere granadino dell&#8217;Albaic\u00edn.<\/p>\n\n\n\n<p><strong>Musica di ogni tipo e per tutti i gusti<\/strong><\/p>\n\n\n\n<p>Se sei appassionato di flamenco e vuoi godere di alcuni festival musicali a Granada, non puoi perderti il &#8220;Festival Internazionale di Musica e Danza di Granada&#8221; o il festival &#8220;Flamenco viene del Sur&#8221;, con i quali, come diceva Lorca, &#8220;potrai sentire quel duende che sale dall&#8217;interno, dalla pianta dei piedi&#8221;.<\/p>\n\n\n\n<p>Naturalmente, la scena musicale granadina non si esaurisce nel flamenco, e a partire dagli anni &#8217;70 la citt\u00e0 dell&#8217;Alhambra ha iniziato a esplorare una scena musicale in cui gli accordi pi\u00f9 rock iniziarono a suonare con grinta e forza, uno stile che \u00e8 arrivato per restare e che ha dato origine a nomi come Lagartija Nick o 091, chiari precursori degli splendidi anni &#8217;90 in cui band come Los Planetas, Lori Meyers o Ni\u00f1os Mutantes, tutti nati sotto il sole nazarita, continuano a deliziare anno dopo anno e a capo dei cartelloni dei festival musicali a Granada per il pubblico pi\u00f9 indie.<\/p>\n\n\n\n<p>Se sei un appassionato della scena indipendente e il termine &#8220;festival&#8221; ti fa sorridere quando lo pronunci, il &#8220;Granada Sound&#8221; e &#8220;En \u00d3rbita&#8221; sono i festival musicali a Granada che ti faranno vibrare, ballare e trascorrere un fine settimana pieno di riff palpitanti e divertimento allo stato puro. Se ti piace anche scoprire nuove band della scena rock e punk, non esitare a partecipare al &#8220;Lanjarock&#8221;, un festival con una lunga tradizione che raccoglie gruppi emergenti della provincia e altre band conosciute a livello nazionale.<\/p>\n\n\n\n<p>Senza dimenticare gli amanti del clubbing e della scena elettronica, Granada \u00e8 stata conquistata nel corso dei decenni dai suoni pi\u00f9 eclettici della notte. Negli ultimi tempi, la citt\u00e0 ha visto crescere progetti musicali che hanno portato nei locali da ballo nuovi suoni elettronici, grazie a collettivi desiderosi di esplorare e sperimentare i ritmi pi\u00f9 in voga.<\/p>\n\n\n\n<p>Pertanto, se sei un appassionato della scena underground della musica elettronica e ami ballare senza sosta al ritmo di suoni sconosciuti e vibranti, uno dei festival musicali a Granada fatti su misura per te \u00e8 &#8220;Primavera Elettronica&#8221;, uno dei pi\u00f9 recenti nella penisola che \u00e8 gi\u00e0 diventato un evento dove si ritrovano gli amanti degli echi pi\u00f9 rivoluzionari e alternativi del momento, per farti ballare fino all&#8217;alba.<\/p>\n\n\n\n<p><a href=\"https:\/\/www.hotelgranadacentro.com\/ofertas\">Prenota la tua camera<\/a> presso <a href=\"https:\/\/www.hotelgranadacentro.com\/\">l&#8217;Hotel Granado Centro<\/a> e non perdere l&#8217;occasione di godere di alcuni dei festival musicali a Granada offerti dalla citt\u00e0. Che tu preferisca il flamenco, l&#8217;indie o l&#8217;elettronica, lasciati trasportare dai suoni e dalle band che ami di pi\u00f9 e goditi qualche giorno con gli amici, pieni di balli, musica e momenti indimenticabili.<\/p>\n","protected":false},"excerpt":{"rendered":"<p>Festival musicali a Granada La citt\u00e0 di Granada \u00e8 da sempre legata a diverse espressioni artistiche e culturali in cui si sono distinti numerosi personaggi noti, non solo in Spagna, ma in tutto il mondo. Ma se una di queste manifestazioni della citt\u00e0 nazarita si \u00e8 distinta sopra le altre, \u00e8 senza dubbio la musica,<a href=\"https:\/\/hotelgranadacentro.com\/it\/vive-granada\/festival-di-musica-a-granada\/\">Continue reading <span class=\"sr-only\">&#8220;Festival di musica a Granada&#8221;<\/span><\/a><\/p>\n","protected":false},"author":1,"featured_media":1275,"comment_status":"closed","ping_status":"open","sticky":false,"template":"","format":"standard","meta":{"_acf_changed":false,"_eb_attr":"","inline_featured_image":false,"_uag_custom_page_level_css":"","footnotes":""},"categories":[14],"tags":[],"class_list":["post-1768","post","type-post","status-publish","format-standard","has-post-thumbnail","hentry","category-non-categorizzato"],"acf":[],"yoast_head":"<!-- This site is optimized with the Yoast SEO plugin v27.2 - https:\/\/yoast.com\/product\/yoast-seo-wordpress\/ -->\n<title>Festival di musica a Granada | Hotel Granada Centro<\/title>\n<meta name=\"robots\" content=\"index, follow, max-snippet:-1, max-image-preview:large, max-video-preview:-1\" \/>\n<link rel=\"canonical\" href=\"https:\/\/hotelgranadacentro.com\/it\/vive-granada\/festival-di-musica-a-granada\/\" \/>\n<meta property=\"og:locale\" content=\"it_IT\" \/>\n<meta property=\"og:type\" content=\"article\" \/>\n<meta property=\"og:title\" content=\"Festival di musica a Granada | Hotel Granada Centro\" \/>\n<meta property=\"og:description\" content=\"Festival musicali a Granada La citt\u00e0 di Granada \u00e8 da sempre legata a diverse espressioni artistiche e culturali in cui si sono distinti numerosi personaggi noti, non solo in Spagna, ma in tutto il mondo. Ma se una di queste manifestazioni della citt\u00e0 nazarita si \u00e8 distinta sopra le altre, \u00e8 senza dubbio la musica,Continue reading &quot;Festival di musica a Granada&quot;\" \/>\n<meta property=\"og:url\" content=\"https:\/\/hotelgranadacentro.com\/it\/vive-granada\/festival-di-musica-a-granada\/\" \/>\n<meta property=\"og:site_name\" content=\"Hotel Granada Centro\" \/>\n<meta property=\"article:published_time\" content=\"2022-06-09T10:53:00+00:00\" \/>\n<meta property=\"article:modified_time\" content=\"2023-10-27T10:37:05+00:00\" \/>\n<meta property=\"og:image\" content=\"https:\/\/hotelgranadacentro.com\/wp-content\/uploads\/2023\/10\/festivales_musicales_en_granada.jpg\" \/>\n\t<meta property=\"og:image:width\" content=\"800\" \/>\n\t<meta property=\"og:image:height\" content=\"533\" \/>\n\t<meta property=\"og:image:type\" content=\"image\/jpeg\" \/>\n<meta name=\"author\" content=\"@nubeseo\" \/>\n<meta name=\"twitter:card\" content=\"summary_large_image\" \/>\n<meta name=\"twitter:label1\" content=\"Scritto da\" \/>\n\t<meta name=\"twitter:data1\" content=\"@nubeseo\" \/>\n\t<meta name=\"twitter:label2\" content=\"Tempo di lettura stimato\" \/>\n\t<meta name=\"twitter:data2\" content=\"3 minuti\" \/>\n<script type=\"application\/ld+json\" class=\"yoast-schema-graph\">{\"@context\":\"https:\/\/schema.org\",\"@graph\":[{\"@type\":\"Article\",\"@id\":\"https:\/\/hotelgranadacentro.com\/it\/vive-granada\/festival-di-musica-a-granada\/#article\",\"isPartOf\":{\"@id\":\"https:\/\/hotelgranadacentro.com\/it\/vive-granada\/festival-di-musica-a-granada\/\"},\"author\":{\"name\":\"@nubeseo\",\"@id\":\"https:\/\/hotelgranadacentro.com\/it\/#\/schema\/person\/002a06cd84743b77af3f36dd87854e9d\"},\"headline\":\"Festival di musica a Granada\",\"datePublished\":\"2022-06-09T10:53:00+00:00\",\"dateModified\":\"2023-10-27T10:37:05+00:00\",\"mainEntityOfPage\":{\"@id\":\"https:\/\/hotelgranadacentro.com\/it\/vive-granada\/festival-di-musica-a-granada\/\"},\"wordCount\":581,\"image\":{\"@id\":\"https:\/\/hotelgranadacentro.com\/it\/vive-granada\/festival-di-musica-a-granada\/#primaryimage\"},\"thumbnailUrl\":\"https:\/\/hotelgranadacentro.com\/wp-content\/uploads\/2023\/10\/festivales_musicales_en_granada.jpg\",\"articleSection\":[\"Non categorizzato\"],\"inLanguage\":\"it-IT\"},{\"@type\":\"WebPage\",\"@id\":\"https:\/\/hotelgranadacentro.com\/it\/vive-granada\/festival-di-musica-a-granada\/\",\"url\":\"https:\/\/hotelgranadacentro.com\/it\/vive-granada\/festival-di-musica-a-granada\/\",\"name\":\"Festival di musica a Granada | Hotel Granada Centro\",\"isPartOf\":{\"@id\":\"https:\/\/hotelgranadacentro.com\/it\/#website\"},\"primaryImageOfPage\":{\"@id\":\"https:\/\/hotelgranadacentro.com\/it\/vive-granada\/festival-di-musica-a-granada\/#primaryimage\"},\"image\":{\"@id\":\"https:\/\/hotelgranadacentro.com\/it\/vive-granada\/festival-di-musica-a-granada\/#primaryimage\"},\"thumbnailUrl\":\"https:\/\/hotelgranadacentro.com\/wp-content\/uploads\/2023\/10\/festivales_musicales_en_granada.jpg\",\"datePublished\":\"2022-06-09T10:53:00+00:00\",\"dateModified\":\"2023-10-27T10:37:05+00:00\",\"author\":{\"@id\":\"https:\/\/hotelgranadacentro.com\/it\/#\/schema\/person\/002a06cd84743b77af3f36dd87854e9d\"},\"breadcrumb\":{\"@id\":\"https:\/\/hotelgranadacentro.com\/it\/vive-granada\/festival-di-musica-a-granada\/#breadcrumb\"},\"inLanguage\":\"it-IT\",\"potentialAction\":[{\"@type\":\"ReadAction\",\"target\":[\"https:\/\/hotelgranadacentro.com\/it\/vive-granada\/festival-di-musica-a-granada\/\"]}]},{\"@type\":\"ImageObject\",\"inLanguage\":\"it-IT\",\"@id\":\"https:\/\/hotelgranadacentro.com\/it\/vive-granada\/festival-di-musica-a-granada\/#primaryimage\",\"url\":\"https:\/\/hotelgranadacentro.com\/wp-content\/uploads\/2023\/10\/festivales_musicales_en_granada.jpg\",\"contentUrl\":\"https:\/\/hotelgranadacentro.com\/wp-content\/uploads\/2023\/10\/festivales_musicales_en_granada.jpg\",\"width\":800,\"height\":533,\"caption\":\"festivales de m\u00fasica en Granada\"},{\"@type\":\"BreadcrumbList\",\"@id\":\"https:\/\/hotelgranadacentro.com\/it\/vive-granada\/festival-di-musica-a-granada\/#breadcrumb\",\"itemListElement\":[{\"@type\":\"ListItem\",\"position\":1,\"name\":\"Portada\",\"item\":\"https:\/\/hotelgranadacentro.com\/it\/\"},{\"@type\":\"ListItem\",\"position\":2,\"name\":\"Festival di musica a Granada\"}]},{\"@type\":\"WebSite\",\"@id\":\"https:\/\/hotelgranadacentro.com\/it\/#website\",\"url\":\"https:\/\/hotelgranadacentro.com\/it\/\",\"name\":\"Hotel Granada Centro\",\"description\":\"Hotel en el centro de Granada\",\"alternateName\":\"Hotel Granada Centro Navarrete\",\"potentialAction\":[{\"@type\":\"SearchAction\",\"target\":{\"@type\":\"EntryPoint\",\"urlTemplate\":\"https:\/\/hotelgranadacentro.com\/it\/?s={search_term_string}\"},\"query-input\":{\"@type\":\"PropertyValueSpecification\",\"valueRequired\":true,\"valueName\":\"search_term_string\"}}],\"inLanguage\":\"it-IT\"},{\"@type\":\"Person\",\"@id\":\"https:\/\/hotelgranadacentro.com\/it\/#\/schema\/person\/002a06cd84743b77af3f36dd87854e9d\",\"name\":\"@nubeseo\",\"image\":{\"@type\":\"ImageObject\",\"inLanguage\":\"it-IT\",\"@id\":\"https:\/\/secure.gravatar.com\/avatar\/cc9211a704f37e9e46c0c9d0fe0a4ef6874d14d699f91fa6c7eeb85ac9d00088?s=96&d=mm&r=g\",\"url\":\"https:\/\/secure.gravatar.com\/avatar\/cc9211a704f37e9e46c0c9d0fe0a4ef6874d14d699f91fa6c7eeb85ac9d00088?s=96&d=mm&r=g\",\"contentUrl\":\"https:\/\/secure.gravatar.com\/avatar\/cc9211a704f37e9e46c0c9d0fe0a4ef6874d14d699f91fa6c7eeb85ac9d00088?s=96&d=mm&r=g\",\"caption\":\"@nubeseo\"},\"sameAs\":[\"https:\/\/hotelgranadacentro.com\"]}]}<\/script>\n<!-- \/ Yoast SEO plugin. -->","yoast_head_json":{"title":"Festival di musica a Granada | Hotel Granada Centro","robots":{"index":"index","follow":"follow","max-snippet":"max-snippet:-1","max-image-preview":"max-image-preview:large","max-video-preview":"max-video-preview:-1"},"canonical":"https:\/\/hotelgranadacentro.com\/it\/vive-granada\/festival-di-musica-a-granada\/","og_locale":"it_IT","og_type":"article","og_title":"Festival di musica a Granada | Hotel Granada Centro","og_description":"Festival musicali a Granada La citt\u00e0 di Granada \u00e8 da sempre legata a diverse espressioni artistiche e culturali in cui si sono distinti numerosi personaggi noti, non solo in Spagna, ma in tutto il mondo. Ma se una di queste manifestazioni della citt\u00e0 nazarita si \u00e8 distinta sopra le altre, \u00e8 senza dubbio la musica,Continue reading \"Festival di musica a Granada\"","og_url":"https:\/\/hotelgranadacentro.com\/it\/vive-granada\/festival-di-musica-a-granada\/","og_site_name":"Hotel Granada Centro","article_published_time":"2022-06-09T10:53:00+00:00","article_modified_time":"2023-10-27T10:37:05+00:00","og_image":[{"width":800,"height":533,"url":"https:\/\/hotelgranadacentro.com\/wp-content\/uploads\/2023\/10\/festivales_musicales_en_granada.jpg","type":"image\/jpeg"}],"author":"@nubeseo","twitter_card":"summary_large_image","twitter_misc":{"Scritto da":"@nubeseo","Tempo di lettura stimato":"3 minuti"},"schema":{"@context":"https:\/\/schema.org","@graph":[{"@type":"Article","@id":"https:\/\/hotelgranadacentro.com\/it\/vive-granada\/festival-di-musica-a-granada\/#article","isPartOf":{"@id":"https:\/\/hotelgranadacentro.com\/it\/vive-granada\/festival-di-musica-a-granada\/"},"author":{"name":"@nubeseo","@id":"https:\/\/hotelgranadacentro.com\/it\/#\/schema\/person\/002a06cd84743b77af3f36dd87854e9d"},"headline":"Festival di musica a Granada","datePublished":"2022-06-09T10:53:00+00:00","dateModified":"2023-10-27T10:37:05+00:00","mainEntityOfPage":{"@id":"https:\/\/hotelgranadacentro.com\/it\/vive-granada\/festival-di-musica-a-granada\/"},"wordCount":581,"image":{"@id":"https:\/\/hotelgranadacentro.com\/it\/vive-granada\/festival-di-musica-a-granada\/#primaryimage"},"thumbnailUrl":"https:\/\/hotelgranadacentro.com\/wp-content\/uploads\/2023\/10\/festivales_musicales_en_granada.jpg","articleSection":["Non categorizzato"],"inLanguage":"it-IT"},{"@type":"WebPage","@id":"https:\/\/hotelgranadacentro.com\/it\/vive-granada\/festival-di-musica-a-granada\/","url":"https:\/\/hotelgranadacentro.com\/it\/vive-granada\/festival-di-musica-a-granada\/","name":"Festival di musica a Granada | Hotel Granada Centro","isPartOf":{"@id":"https:\/\/hotelgranadacentro.com\/it\/#website"},"primaryImageOfPage":{"@id":"https:\/\/hotelgranadacentro.com\/it\/vive-granada\/festival-di-musica-a-granada\/#primaryimage"},"image":{"@id":"https:\/\/hotelgranadacentro.com\/it\/vive-granada\/festival-di-musica-a-granada\/#primaryimage"},"thumbnailUrl":"https:\/\/hotelgranadacentro.com\/wp-content\/uploads\/2023\/10\/festivales_musicales_en_granada.jpg","datePublished":"2022-06-09T10:53:00+00:00","dateModified":"2023-10-27T10:37:05+00:00","author":{"@id":"https:\/\/hotelgranadacentro.com\/it\/#\/schema\/person\/002a06cd84743b77af3f36dd87854e9d"},"breadcrumb":{"@id":"https:\/\/hotelgranadacentro.com\/it\/vive-granada\/festival-di-musica-a-granada\/#breadcrumb"},"inLanguage":"it-IT","potentialAction":[{"@type":"ReadAction","target":["https:\/\/hotelgranadacentro.com\/it\/vive-granada\/festival-di-musica-a-granada\/"]}]},{"@type":"ImageObject","inLanguage":"it-IT","@id":"https:\/\/hotelgranadacentro.com\/it\/vive-granada\/festival-di-musica-a-granada\/#primaryimage","url":"https:\/\/hotelgranadacentro.com\/wp-content\/uploads\/2023\/10\/festivales_musicales_en_granada.jpg","contentUrl":"https:\/\/hotelgranadacentro.com\/wp-content\/uploads\/2023\/10\/festivales_musicales_en_granada.jpg","width":800,"height":533,"caption":"festivales de m\u00fasica en Granada"},{"@type":"BreadcrumbList","@id":"https:\/\/hotelgranadacentro.com\/it\/vive-granada\/festival-di-musica-a-granada\/#breadcrumb","itemListElement":[{"@type":"ListItem","position":1,"name":"Portada","item":"https:\/\/hotelgranadacentro.com\/it\/"},{"@type":"ListItem","position":2,"name":"Festival di musica a Granada"}]},{"@type":"WebSite","@id":"https:\/\/hotelgranadacentro.com\/it\/#website","url":"https:\/\/hotelgranadacentro.com\/it\/","name":"Hotel Granada Centro","description":"Hotel en el centro de Granada","alternateName":"Hotel Granada Centro Navarrete","potentialAction":[{"@type":"SearchAction","target":{"@type":"EntryPoint","urlTemplate":"https:\/\/hotelgranadacentro.com\/it\/?s={search_term_string}"},"query-input":{"@type":"PropertyValueSpecification","valueRequired":true,"valueName":"search_term_string"}}],"inLanguage":"it-IT"},{"@type":"Person","@id":"https:\/\/hotelgranadacentro.com\/it\/#\/schema\/person\/002a06cd84743b77af3f36dd87854e9d","name":"@nubeseo","image":{"@type":"ImageObject","inLanguage":"it-IT","@id":"https:\/\/secure.gravatar.com\/avatar\/cc9211a704f37e9e46c0c9d0fe0a4ef6874d14d699f91fa6c7eeb85ac9d00088?s=96&d=mm&r=g","url":"https:\/\/secure.gravatar.com\/avatar\/cc9211a704f37e9e46c0c9d0fe0a4ef6874d14d699f91fa6c7eeb85ac9d00088?s=96&d=mm&r=g","contentUrl":"https:\/\/secure.gravatar.com\/avatar\/cc9211a704f37e9e46c0c9d0fe0a4ef6874d14d699f91fa6c7eeb85ac9d00088?s=96&d=mm&r=g","caption":"@nubeseo"},"sameAs":["https:\/\/hotelgranadacentro.com"]}]}},"uagb_featured_image_src":{"full":["https:\/\/hotelgranadacentro.com\/wp-content\/uploads\/2023\/10\/festivales_musicales_en_granada.jpg",800,533,false],"thumbnail":["https:\/\/hotelgranadacentro.com\/wp-content\/uploads\/2023\/10\/festivales_musicales_en_granada-150x150.jpg",150,150,true],"medium":["https:\/\/hotelgranadacentro.com\/wp-content\/uploads\/2023\/10\/festivales_musicales_en_granada-300x200.jpg",300,200,true],"medium_large":["https:\/\/hotelgranadacentro.com\/wp-content\/uploads\/2023\/10\/festivales_musicales_en_granada-768x512.jpg",768,512,true],"large":["https:\/\/hotelgranadacentro.com\/wp-content\/uploads\/2023\/10\/festivales_musicales_en_granada.jpg",800,533,false],"1536x1536":["https:\/\/hotelgranadacentro.com\/wp-content\/uploads\/2023\/10\/festivales_musicales_en_granada.jpg",800,533,false],"2048x2048":["https:\/\/hotelgranadacentro.com\/wp-content\/uploads\/2023\/10\/festivales_musicales_en_granada.jpg",800,533,false]},"uagb_author_info":{"display_name":"@nubeseo","author_link":"https:\/\/hotelgranadacentro.com\/it\/vive-granada\/author\/nubeseo\/"},"uagb_comment_info":0,"uagb_excerpt":"Festival musicali a Granada La citt\u00e0 di Granada \u00e8 da sempre legata a diverse espressioni artistiche e culturali in cui si sono distinti numerosi personaggi noti, non solo in Spagna, ma in tutto il mondo. Ma se una di queste manifestazioni della citt\u00e0 nazarita si \u00e8 distinta sopra le altre, \u00e8 senza dubbio la musica,Continue&hellip;","_links":{"self":[{"href":"https:\/\/hotelgranadacentro.com\/it\/wp-json\/wp\/v2\/posts\/1768","targetHints":{"allow":["GET"]}}],"collection":[{"href":"https:\/\/hotelgranadacentro.com\/it\/wp-json\/wp\/v2\/posts"}],"about":[{"href":"https:\/\/hotelgranadacentro.com\/it\/wp-json\/wp\/v2\/types\/post"}],"author":[{"embeddable":true,"href":"https:\/\/hotelgranadacentro.com\/it\/wp-json\/wp\/v2\/users\/1"}],"replies":[{"embeddable":true,"href":"https:\/\/hotelgranadacentro.com\/it\/wp-json\/wp\/v2\/comments?post=1768"}],"version-history":[{"count":1,"href":"https:\/\/hotelgranadacentro.com\/it\/wp-json\/wp\/v2\/posts\/1768\/revisions"}],"predecessor-version":[{"id":1772,"href":"https:\/\/hotelgranadacentro.com\/it\/wp-json\/wp\/v2\/posts\/1768\/revisions\/1772"}],"wp:featuredmedia":[{"embeddable":true,"href":"https:\/\/hotelgranadacentro.com\/it\/wp-json\/wp\/v2\/media\/1275"}],"wp:attachment":[{"href":"https:\/\/hotelgranadacentro.com\/it\/wp-json\/wp\/v2\/media?parent=1768"}],"wp:term":[{"taxonomy":"category","embeddable":true,"href":"https:\/\/hotelgranadacentro.com\/it\/wp-json\/wp\/v2\/categories?post=1768"},{"taxonomy":"post_tag","embeddable":true,"href":"https:\/\/hotelgranadacentro.com\/it\/wp-json\/wp\/v2\/tags?post=1768"}],"curies":[{"name":"wp","href":"https:\/\/api.w.org\/{rel}","templated":true}]}}