{"id":1858,"date":"2025-03-10T10:43:00","date_gmt":"2025-03-10T09:43:00","guid":{"rendered":"https:\/\/condescending-hamilton.82-223-66-19.plesk.page\/vive-granada\/semana-santa-en-granada-fiesta-y-tradicion\/"},"modified":"2023-10-30T10:05:16","modified_gmt":"2023-10-30T09:05:16","slug":"settimana-santa-a-granada-festa-e-tradizione","status":"publish","type":"post","link":"https:\/\/hotelgranadacentro.com\/it\/vive-granada\/settimana-santa-a-granada-festa-e-tradizione\/","title":{"rendered":"Settimana Santa a Granada: festa e tradizione"},"content":{"rendered":"\n<p>Vivi la Settimana Santa a Granada: festa e tradizione.<\/p>\n\n\n\n<h2 class=\"wp-block-heading\">Ancora senza piani per questa Settimana Santa?<\/h2>\n\n\n\n<p>La citt\u00e0 di Granada si veste a festa per queste occasioni. Al suono dei rulli dei tamburi e ai colori dei costumi dei confratelli, Granada ti offre piani indimenticabili per trascorrere alcuni giorni fantastici.<\/p>\n\n\n\n<p>Dal <strong>Hotel Granada Centro<\/strong>, ti offriamo diverse opzioni affinch\u00e9 tu possa passare una buona Settimana Santa nella citt\u00e0 andalusa.<\/p>\n\n\n\n<p>La Settimana Santa \u00e8 stata dichiarata di Interesse Turistico Internazionale nel 2009 ed \u00e8 stata scelta come la Settimana Santa pi\u00f9 spettacolare del 2017 tramite votazione popolare. Pertanto, a Granada questa festivit\u00e0 viene celebrata in modo speciale.<\/p>\n\n\n\n<p>Se sei molto devoto, la citt\u00e0 di Granada offre vari eventi, come la notte del Mercoled\u00ec Santo. In questa occasione, la citt\u00e0 si tinge di colori viola per accogliere le processioni del Cristo del Consuelo e di Mar\u00eda Sant\u00edsima del Sacromonte. Qui puoi anche goderti e visitare le &#8220;cuevas&#8221;, le abitazioni dei gitani, dove puoi assistere a vari spettacoli di flamenco.<\/p>\n\n\n\n<p>La notte del Gioved\u00ec Santo, avvicinati al quartiere dell&#8217;Albaic\u00edn. Qui si svolge la processione del Cristo del Silencio. Questo quartiere \u00e8 uno dei panorami pi\u00f9 belli della citt\u00e0, con le sue stradine strette e i colori che avvolgono la citt\u00e0 con magia.<\/p>\n\n\n\n<p>Il Venerd\u00ec Santo, quando cala la notte, ha luogo l&#8217;atto de &#8220;Las Ch\u00edas&#8221;, nel Convento de los Jer\u00f3nimos. \u00c8 un atto commovente nel quale vengono ricordati i personaggi che facevano parte della Santa Inquisizione e che guidano una delle confraternite pi\u00f9 storiche, quella della Soledad de San Jer\u00f3nimo.<\/p>\n\n\n\n<p>Infine, il Sabato Santo, si accompagna la Vergine delle Angustie, patrona di Granada, fino alla gemma di Granada, l&#8217;Alhambra.<\/p>\n\n\n\n<p>E cosa c&#8217;\u00e8 di meglio che accompagnare questi eventi di grande interesse con i piatti tipici della Quaresima di Granada? Se sei interessato a fare &#8220;tapeo&#8221;, la cosa migliore che puoi fare \u00e8 percorrere i suoi migliori bar e taverne. Inoltre, in queste occasioni cos\u00ec speciali, Granada indossa il grembiule per offrirti piatti tradizionali del luogo. Ti lasciamo una selezione di questi.<\/p>\n\n\n\n<ol class=\"wp-block-list\">\n<li>La minestra di veglia del bar Le\u00f3n, un piatto caldo che si apprezza in questa stagione dell&#8217;anno e che puoi gustare nel quartiere dell&#8217;Albaic\u00edn mentre ti avvolgi nelle viste che la citt\u00e0 offre.<\/li>\n\n\n\n<li>Insalata russa con gamberetti del Cunini, \u00e8 un altro dei piatti pi\u00f9 di successo della Quaresima. Provala nella casa Marisquer\u00eda Cunini, che vanta circa 70 anni di attivit\u00e0 e offre piatti completamente tradizionali.<\/li>\n\n\n\n<li>Rosquillas fritte e pesti\u00f1os. Questi dolci sono prelibatezze realizzate con ricette delle case pi\u00f9 antiche di Granada. Un dessert tipico della Settimana Santa che potrai assaporare da L\u00f3pez Mezquita e nel convento di Santa Isabel la Real.<\/li>\n<\/ol>\n\n\n\n<p>La traducci\u00f3n al italiano de la frase dada ser\u00eda:<\/p>\n\n\n\n<p>Non esitare e prenota subito una delle nostre camere presso <strong><a href=\"https:\/\/www.hotelgranadacentro.com\/\">l&#8217;Hotel Granada Centro<\/a><\/strong> e vieni a goderti questi fantastici piani per la Settimana Santa a Granada!<\/p>\n","protected":false},"excerpt":{"rendered":"<p>Vivi la Settimana Santa a Granada: festa e tradizione. Ancora senza piani per questa Settimana Santa? La citt\u00e0 di Granada si veste a festa per queste occasioni. Al suono dei rulli dei tamburi e ai colori dei costumi dei confratelli, Granada ti offre piani indimenticabili per trascorrere alcuni giorni fantastici. Dal Hotel Granada Centro, ti<a href=\"https:\/\/hotelgranadacentro.com\/it\/vive-granada\/settimana-santa-a-granada-festa-e-tradizione\/\">Continue reading <span class=\"sr-only\">&#8220;Settimana Santa a Granada: festa e tradizione&#8221;<\/span><\/a><\/p>\n","protected":false},"author":1,"featured_media":8583,"comment_status":"closed","ping_status":"open","sticky":false,"template":"","format":"standard","meta":{"_acf_changed":false,"_eb_attr":"","inline_featured_image":false,"_uag_custom_page_level_css":"","footnotes":""},"categories":[14],"tags":[],"class_list":["post-1858","post","type-post","status-publish","format-standard","has-post-thumbnail","hentry","category-non-categorizzato"],"acf":[],"yoast_head":"<!-- This site is optimized with the Yoast SEO plugin v27.2 - https:\/\/yoast.com\/product\/yoast-seo-wordpress\/ -->\n<title>Settimana Santa a Granada: festa e tradizione | Hotel Granada Centro<\/title>\n<meta name=\"robots\" content=\"index, follow, max-snippet:-1, max-image-preview:large, max-video-preview:-1\" \/>\n<link rel=\"canonical\" href=\"https:\/\/hotelgranadacentro.com\/it\/vive-granada\/settimana-santa-a-granada-festa-e-tradizione\/\" \/>\n<meta property=\"og:locale\" content=\"it_IT\" \/>\n<meta property=\"og:type\" content=\"article\" \/>\n<meta property=\"og:title\" content=\"Settimana Santa a Granada: festa e tradizione | Hotel Granada Centro\" \/>\n<meta property=\"og:description\" content=\"Vivi la Settimana Santa a Granada: festa e tradizione. Ancora senza piani per questa Settimana Santa? La citt\u00e0 di Granada si veste a festa per queste occasioni. Al suono dei rulli dei tamburi e ai colori dei costumi dei confratelli, Granada ti offre piani indimenticabili per trascorrere alcuni giorni fantastici. Dal Hotel Granada Centro, tiContinue reading &quot;Settimana Santa a Granada: festa e tradizione&quot;\" \/>\n<meta property=\"og:url\" content=\"https:\/\/hotelgranadacentro.com\/it\/vive-granada\/settimana-santa-a-granada-festa-e-tradizione\/\" \/>\n<meta property=\"og:site_name\" content=\"Hotel Granada Centro\" \/>\n<meta property=\"article:published_time\" content=\"2025-03-10T09:43:00+00:00\" \/>\n<meta property=\"og:image\" content=\"https:\/\/hotelgranadacentro.com\/wp-content\/uploads\/2024\/03\/semana_santa_en_granada.webp\" \/>\n\t<meta property=\"og:image:width\" content=\"879\" \/>\n\t<meta property=\"og:image:height\" content=\"540\" \/>\n\t<meta property=\"og:image:type\" content=\"image\/webp\" \/>\n<meta name=\"author\" content=\"@nubeseo\" \/>\n<meta name=\"twitter:card\" content=\"summary_large_image\" \/>\n<meta name=\"twitter:label1\" content=\"Scritto da\" \/>\n\t<meta name=\"twitter:data1\" content=\"@nubeseo\" \/>\n\t<meta name=\"twitter:label2\" content=\"Tempo di lettura stimato\" \/>\n\t<meta name=\"twitter:data2\" content=\"3 minuti\" \/>\n<script type=\"application\/ld+json\" class=\"yoast-schema-graph\">{\"@context\":\"https:\/\/schema.org\",\"@graph\":[{\"@type\":\"Article\",\"@id\":\"https:\/\/hotelgranadacentro.com\/it\/vive-granada\/settimana-santa-a-granada-festa-e-tradizione\/#article\",\"isPartOf\":{\"@id\":\"https:\/\/hotelgranadacentro.com\/it\/vive-granada\/settimana-santa-a-granada-festa-e-tradizione\/\"},\"author\":{\"name\":\"@nubeseo\",\"@id\":\"https:\/\/hotelgranadacentro.com\/it\/#\/schema\/person\/002a06cd84743b77af3f36dd87854e9d\"},\"headline\":\"Settimana Santa a Granada: festa e tradizione\",\"datePublished\":\"2025-03-10T09:43:00+00:00\",\"mainEntityOfPage\":{\"@id\":\"https:\/\/hotelgranadacentro.com\/it\/vive-granada\/settimana-santa-a-granada-festa-e-tradizione\/\"},\"wordCount\":493,\"image\":{\"@id\":\"https:\/\/hotelgranadacentro.com\/it\/vive-granada\/settimana-santa-a-granada-festa-e-tradizione\/#primaryimage\"},\"thumbnailUrl\":\"https:\/\/hotelgranadacentro.com\/wp-content\/uploads\/2024\/03\/semana_santa_en_granada.webp\",\"articleSection\":[\"Non categorizzato\"],\"inLanguage\":\"it-IT\"},{\"@type\":\"WebPage\",\"@id\":\"https:\/\/hotelgranadacentro.com\/it\/vive-granada\/settimana-santa-a-granada-festa-e-tradizione\/\",\"url\":\"https:\/\/hotelgranadacentro.com\/it\/vive-granada\/settimana-santa-a-granada-festa-e-tradizione\/\",\"name\":\"Settimana Santa a Granada: festa e tradizione | Hotel Granada Centro\",\"isPartOf\":{\"@id\":\"https:\/\/hotelgranadacentro.com\/it\/#website\"},\"primaryImageOfPage\":{\"@id\":\"https:\/\/hotelgranadacentro.com\/it\/vive-granada\/settimana-santa-a-granada-festa-e-tradizione\/#primaryimage\"},\"image\":{\"@id\":\"https:\/\/hotelgranadacentro.com\/it\/vive-granada\/settimana-santa-a-granada-festa-e-tradizione\/#primaryimage\"},\"thumbnailUrl\":\"https:\/\/hotelgranadacentro.com\/wp-content\/uploads\/2024\/03\/semana_santa_en_granada.webp\",\"datePublished\":\"2025-03-10T09:43:00+00:00\",\"author\":{\"@id\":\"https:\/\/hotelgranadacentro.com\/it\/#\/schema\/person\/002a06cd84743b77af3f36dd87854e9d\"},\"breadcrumb\":{\"@id\":\"https:\/\/hotelgranadacentro.com\/it\/vive-granada\/settimana-santa-a-granada-festa-e-tradizione\/#breadcrumb\"},\"inLanguage\":\"it-IT\",\"potentialAction\":[{\"@type\":\"ReadAction\",\"target\":[\"https:\/\/hotelgranadacentro.com\/it\/vive-granada\/settimana-santa-a-granada-festa-e-tradizione\/\"]}]},{\"@type\":\"ImageObject\",\"inLanguage\":\"it-IT\",\"@id\":\"https:\/\/hotelgranadacentro.com\/it\/vive-granada\/settimana-santa-a-granada-festa-e-tradizione\/#primaryimage\",\"url\":\"https:\/\/hotelgranadacentro.com\/wp-content\/uploads\/2024\/03\/semana_santa_en_granada.webp\",\"contentUrl\":\"https:\/\/hotelgranadacentro.com\/wp-content\/uploads\/2024\/03\/semana_santa_en_granada.webp\",\"width\":879,\"height\":540,\"caption\":\"Semana Santa en Granada\"},{\"@type\":\"BreadcrumbList\",\"@id\":\"https:\/\/hotelgranadacentro.com\/it\/vive-granada\/settimana-santa-a-granada-festa-e-tradizione\/#breadcrumb\",\"itemListElement\":[{\"@type\":\"ListItem\",\"position\":1,\"name\":\"Portada\",\"item\":\"https:\/\/hotelgranadacentro.com\/it\/\"},{\"@type\":\"ListItem\",\"position\":2,\"name\":\"Settimana Santa a Granada: festa e tradizione\"}]},{\"@type\":\"WebSite\",\"@id\":\"https:\/\/hotelgranadacentro.com\/it\/#website\",\"url\":\"https:\/\/hotelgranadacentro.com\/it\/\",\"name\":\"Hotel Granada Centro\",\"description\":\"Hotel en el centro de Granada\",\"alternateName\":\"Hotel Granada Centro Navarrete\",\"potentialAction\":[{\"@type\":\"SearchAction\",\"target\":{\"@type\":\"EntryPoint\",\"urlTemplate\":\"https:\/\/hotelgranadacentro.com\/it\/?s={search_term_string}\"},\"query-input\":{\"@type\":\"PropertyValueSpecification\",\"valueRequired\":true,\"valueName\":\"search_term_string\"}}],\"inLanguage\":\"it-IT\"},{\"@type\":\"Person\",\"@id\":\"https:\/\/hotelgranadacentro.com\/it\/#\/schema\/person\/002a06cd84743b77af3f36dd87854e9d\",\"name\":\"@nubeseo\",\"image\":{\"@type\":\"ImageObject\",\"inLanguage\":\"it-IT\",\"@id\":\"https:\/\/secure.gravatar.com\/avatar\/cc9211a704f37e9e46c0c9d0fe0a4ef6874d14d699f91fa6c7eeb85ac9d00088?s=96&d=mm&r=g\",\"url\":\"https:\/\/secure.gravatar.com\/avatar\/cc9211a704f37e9e46c0c9d0fe0a4ef6874d14d699f91fa6c7eeb85ac9d00088?s=96&d=mm&r=g\",\"contentUrl\":\"https:\/\/secure.gravatar.com\/avatar\/cc9211a704f37e9e46c0c9d0fe0a4ef6874d14d699f91fa6c7eeb85ac9d00088?s=96&d=mm&r=g\",\"caption\":\"@nubeseo\"},\"sameAs\":[\"https:\/\/hotelgranadacentro.com\"]}]}<\/script>\n<!-- \/ Yoast SEO plugin. -->","yoast_head_json":{"title":"Settimana Santa a Granada: festa e tradizione | Hotel Granada Centro","robots":{"index":"index","follow":"follow","max-snippet":"max-snippet:-1","max-image-preview":"max-image-preview:large","max-video-preview":"max-video-preview:-1"},"canonical":"https:\/\/hotelgranadacentro.com\/it\/vive-granada\/settimana-santa-a-granada-festa-e-tradizione\/","og_locale":"it_IT","og_type":"article","og_title":"Settimana Santa a Granada: festa e tradizione | Hotel Granada Centro","og_description":"Vivi la Settimana Santa a Granada: festa e tradizione. Ancora senza piani per questa Settimana Santa? La citt\u00e0 di Granada si veste a festa per queste occasioni. Al suono dei rulli dei tamburi e ai colori dei costumi dei confratelli, Granada ti offre piani indimenticabili per trascorrere alcuni giorni fantastici. Dal Hotel Granada Centro, tiContinue reading \"Settimana Santa a Granada: festa e tradizione\"","og_url":"https:\/\/hotelgranadacentro.com\/it\/vive-granada\/settimana-santa-a-granada-festa-e-tradizione\/","og_site_name":"Hotel Granada Centro","article_published_time":"2025-03-10T09:43:00+00:00","og_image":[{"width":879,"height":540,"url":"https:\/\/hotelgranadacentro.com\/wp-content\/uploads\/2024\/03\/semana_santa_en_granada.webp","type":"image\/webp"}],"author":"@nubeseo","twitter_card":"summary_large_image","twitter_misc":{"Scritto da":"@nubeseo","Tempo di lettura stimato":"3 minuti"},"schema":{"@context":"https:\/\/schema.org","@graph":[{"@type":"Article","@id":"https:\/\/hotelgranadacentro.com\/it\/vive-granada\/settimana-santa-a-granada-festa-e-tradizione\/#article","isPartOf":{"@id":"https:\/\/hotelgranadacentro.com\/it\/vive-granada\/settimana-santa-a-granada-festa-e-tradizione\/"},"author":{"name":"@nubeseo","@id":"https:\/\/hotelgranadacentro.com\/it\/#\/schema\/person\/002a06cd84743b77af3f36dd87854e9d"},"headline":"Settimana Santa a Granada: festa e tradizione","datePublished":"2025-03-10T09:43:00+00:00","mainEntityOfPage":{"@id":"https:\/\/hotelgranadacentro.com\/it\/vive-granada\/settimana-santa-a-granada-festa-e-tradizione\/"},"wordCount":493,"image":{"@id":"https:\/\/hotelgranadacentro.com\/it\/vive-granada\/settimana-santa-a-granada-festa-e-tradizione\/#primaryimage"},"thumbnailUrl":"https:\/\/hotelgranadacentro.com\/wp-content\/uploads\/2024\/03\/semana_santa_en_granada.webp","articleSection":["Non categorizzato"],"inLanguage":"it-IT"},{"@type":"WebPage","@id":"https:\/\/hotelgranadacentro.com\/it\/vive-granada\/settimana-santa-a-granada-festa-e-tradizione\/","url":"https:\/\/hotelgranadacentro.com\/it\/vive-granada\/settimana-santa-a-granada-festa-e-tradizione\/","name":"Settimana Santa a Granada: festa e tradizione | Hotel Granada Centro","isPartOf":{"@id":"https:\/\/hotelgranadacentro.com\/it\/#website"},"primaryImageOfPage":{"@id":"https:\/\/hotelgranadacentro.com\/it\/vive-granada\/settimana-santa-a-granada-festa-e-tradizione\/#primaryimage"},"image":{"@id":"https:\/\/hotelgranadacentro.com\/it\/vive-granada\/settimana-santa-a-granada-festa-e-tradizione\/#primaryimage"},"thumbnailUrl":"https:\/\/hotelgranadacentro.com\/wp-content\/uploads\/2024\/03\/semana_santa_en_granada.webp","datePublished":"2025-03-10T09:43:00+00:00","author":{"@id":"https:\/\/hotelgranadacentro.com\/it\/#\/schema\/person\/002a06cd84743b77af3f36dd87854e9d"},"breadcrumb":{"@id":"https:\/\/hotelgranadacentro.com\/it\/vive-granada\/settimana-santa-a-granada-festa-e-tradizione\/#breadcrumb"},"inLanguage":"it-IT","potentialAction":[{"@type":"ReadAction","target":["https:\/\/hotelgranadacentro.com\/it\/vive-granada\/settimana-santa-a-granada-festa-e-tradizione\/"]}]},{"@type":"ImageObject","inLanguage":"it-IT","@id":"https:\/\/hotelgranadacentro.com\/it\/vive-granada\/settimana-santa-a-granada-festa-e-tradizione\/#primaryimage","url":"https:\/\/hotelgranadacentro.com\/wp-content\/uploads\/2024\/03\/semana_santa_en_granada.webp","contentUrl":"https:\/\/hotelgranadacentro.com\/wp-content\/uploads\/2024\/03\/semana_santa_en_granada.webp","width":879,"height":540,"caption":"Semana Santa en Granada"},{"@type":"BreadcrumbList","@id":"https:\/\/hotelgranadacentro.com\/it\/vive-granada\/settimana-santa-a-granada-festa-e-tradizione\/#breadcrumb","itemListElement":[{"@type":"ListItem","position":1,"name":"Portada","item":"https:\/\/hotelgranadacentro.com\/it\/"},{"@type":"ListItem","position":2,"name":"Settimana Santa a Granada: festa e tradizione"}]},{"@type":"WebSite","@id":"https:\/\/hotelgranadacentro.com\/it\/#website","url":"https:\/\/hotelgranadacentro.com\/it\/","name":"Hotel Granada Centro","description":"Hotel en el centro de Granada","alternateName":"Hotel Granada Centro Navarrete","potentialAction":[{"@type":"SearchAction","target":{"@type":"EntryPoint","urlTemplate":"https:\/\/hotelgranadacentro.com\/it\/?s={search_term_string}"},"query-input":{"@type":"PropertyValueSpecification","valueRequired":true,"valueName":"search_term_string"}}],"inLanguage":"it-IT"},{"@type":"Person","@id":"https:\/\/hotelgranadacentro.com\/it\/#\/schema\/person\/002a06cd84743b77af3f36dd87854e9d","name":"@nubeseo","image":{"@type":"ImageObject","inLanguage":"it-IT","@id":"https:\/\/secure.gravatar.com\/avatar\/cc9211a704f37e9e46c0c9d0fe0a4ef6874d14d699f91fa6c7eeb85ac9d00088?s=96&d=mm&r=g","url":"https:\/\/secure.gravatar.com\/avatar\/cc9211a704f37e9e46c0c9d0fe0a4ef6874d14d699f91fa6c7eeb85ac9d00088?s=96&d=mm&r=g","contentUrl":"https:\/\/secure.gravatar.com\/avatar\/cc9211a704f37e9e46c0c9d0fe0a4ef6874d14d699f91fa6c7eeb85ac9d00088?s=96&d=mm&r=g","caption":"@nubeseo"},"sameAs":["https:\/\/hotelgranadacentro.com"]}]}},"uagb_featured_image_src":{"full":["https:\/\/hotelgranadacentro.com\/wp-content\/uploads\/2024\/03\/semana_santa_en_granada.webp",879,540,false],"thumbnail":["https:\/\/hotelgranadacentro.com\/wp-content\/uploads\/2024\/03\/semana_santa_en_granada-150x150.webp",150,150,true],"medium":["https:\/\/hotelgranadacentro.com\/wp-content\/uploads\/2024\/03\/semana_santa_en_granada-300x184.webp",300,184,true],"medium_large":["https:\/\/hotelgranadacentro.com\/wp-content\/uploads\/2024\/03\/semana_santa_en_granada-768x472.webp",768,472,true],"large":["https:\/\/hotelgranadacentro.com\/wp-content\/uploads\/2024\/03\/semana_santa_en_granada.webp",879,540,false],"1536x1536":["https:\/\/hotelgranadacentro.com\/wp-content\/uploads\/2024\/03\/semana_santa_en_granada.webp",879,540,false],"2048x2048":["https:\/\/hotelgranadacentro.com\/wp-content\/uploads\/2024\/03\/semana_santa_en_granada.webp",879,540,false]},"uagb_author_info":{"display_name":"@nubeseo","author_link":"https:\/\/hotelgranadacentro.com\/it\/vive-granada\/author\/nubeseo\/"},"uagb_comment_info":0,"uagb_excerpt":"Vivi la Settimana Santa a Granada: festa e tradizione. Ancora senza piani per questa Settimana Santa? La citt\u00e0 di Granada si veste a festa per queste occasioni. Al suono dei rulli dei tamburi e ai colori dei costumi dei confratelli, Granada ti offre piani indimenticabili per trascorrere alcuni giorni fantastici. Dal Hotel Granada Centro, tiContinue&hellip;","_links":{"self":[{"href":"https:\/\/hotelgranadacentro.com\/it\/wp-json\/wp\/v2\/posts\/1858","targetHints":{"allow":["GET"]}}],"collection":[{"href":"https:\/\/hotelgranadacentro.com\/it\/wp-json\/wp\/v2\/posts"}],"about":[{"href":"https:\/\/hotelgranadacentro.com\/it\/wp-json\/wp\/v2\/types\/post"}],"author":[{"embeddable":true,"href":"https:\/\/hotelgranadacentro.com\/it\/wp-json\/wp\/v2\/users\/1"}],"replies":[{"embeddable":true,"href":"https:\/\/hotelgranadacentro.com\/it\/wp-json\/wp\/v2\/comments?post=1858"}],"version-history":[{"count":2,"href":"https:\/\/hotelgranadacentro.com\/it\/wp-json\/wp\/v2\/posts\/1858\/revisions"}],"predecessor-version":[{"id":1861,"href":"https:\/\/hotelgranadacentro.com\/it\/wp-json\/wp\/v2\/posts\/1858\/revisions\/1861"}],"wp:featuredmedia":[{"embeddable":true,"href":"https:\/\/hotelgranadacentro.com\/it\/wp-json\/wp\/v2\/media\/8583"}],"wp:attachment":[{"href":"https:\/\/hotelgranadacentro.com\/it\/wp-json\/wp\/v2\/media?parent=1858"}],"wp:term":[{"taxonomy":"category","embeddable":true,"href":"https:\/\/hotelgranadacentro.com\/it\/wp-json\/wp\/v2\/categories?post=1858"},{"taxonomy":"post_tag","embeddable":true,"href":"https:\/\/hotelgranadacentro.com\/it\/wp-json\/wp\/v2\/tags?post=1858"}],"curies":[{"name":"wp","href":"https:\/\/api.w.org\/{rel}","templated":true}]}}